{"id":653,"date":"2024-11-21T12:34:19","date_gmt":"2024-11-21T10:34:19","guid":{"rendered":"https:\/\/biomarato.org\/catalunya\/2024\/11\/21\/la-festa-del-voluntariat-tanca-amb-exit-la-biomarato-2024-a-lametlla-de-mar\/"},"modified":"2025-02-28T18:41:56","modified_gmt":"2025-02-28T16:41:56","slug":"la-festa-del-voluntariat-tanca-amb-exit-la-biomarato-2024-a-lametlla-de-mar","status":"publish","type":"post","link":"https:\/\/biomarato.org\/catalunya\/en\/la-festa-del-voluntariat-tanca-amb-exit-la-biomarato-2024-a-lametlla-de-mar\/","title":{"rendered":"The Volunteer Festival successfully closes the BioMARathon Catalonia 2024 in l&#8217;Ametlla de Mar"},"content":{"rendered":"<p>Last Saturday, November 9, the Fishing Interpretation Center (CIP) of L&#8217;Ametlla de Mar was the scene of the Volunteer Festival, a meeting that served to celebrate the closing of BioMARat\u00f3 2024 and recognize the work of the participants in this citizen science project.<\/p>\n<p>The event, promoted by the Institute of Marine Sciences (ICM-CSIC) and supported by entities such as the Catalan Federation of Underwater Activities (FECDAS), the Oceanic Association, Annelids \u2013 Marine Environmental Services and Plankton Diving, brought together enthusiasts and experts in the field of marine biodiversity to reward the efforts and involvement of the community throughout the year.<\/p>\n<p>The day began with several optional activities in the early hours, including a group diving and snorkeling trip, organized on the beach in collaboration with Plancton Diving.<\/p>\n<p>The main event began with a welcome from the mayor of Ametlla de Mar, Eva del Amo, and Jaume Piera, ICM-CSIC researcher and head of BioMARat\u00f3, who thanked the community for their commitment and highlighted the importance of citizen science for the conservation of our marine environment. During the celebration, a new promotional video was released, the results of the 2024 edition were shared, and prizes were awarded to the winning participants, with prizes such as guided diving trips and marine biology courses, courtesy of the organizing entities and Cressi. During the event, a game of guessing species using mobile phones was also played, which, according to the audience, was one of the most fun activities of the event.<\/p>\n<p>The final point was put by a pleasant snack, where attendees were able to share experiences and future projects. The Volunteer Festival was consolidated as a space of gratitude and recognition for all the people who have contributed to BioMARat\u00f3 2024, a project that not only promotes knowledge and conservation of marine biodiversity, but also strengthens the bonds of the community in the fight to preserve our marine environment.<\/p>\n<h3><strong>Prizes BioMARathon Catalonia 2024<\/strong><\/h3>\n<h3><strong>General:<\/strong><\/h3>\n<ul>\n<li>1st prize: \u20ac200 voucher to spend at the Cressi store \u2013 Edu Alca\u00f1iz<\/li>\n<li>2nd prize: \u20ac100 voucher to spend at the Cressi store \u2013 Jose Manuel Moral<\/li>\n<li>3rd prize: \u20ac50 voucher to spend at the Cressi store \u2013 Miquel Figueras<\/li>\n<\/ul>\n<p><img loading=\"lazy\" decoding=\"async\" class=\"alignnone size-full wp-image-850\" src=\"https:\/\/biomarato.org\/wp-content\/uploads\/2024\/11\/2-scaled.jpg\" alt=\"\" width=\"2560\" height=\"1702\" \/><\/p>\n<h3><strong>Barcelona Province:<\/strong><\/h3>\n<ul>\n<li>1st prize: Diving trip to observe gorgonians in Barcelona with FECDAS \u2013 Nuria Gonzalez Carretero<\/li>\n<li>2nd prize: 2 scuba diving spots with marine biology workshop included, with Annelids and Free and divers \u2013 Nuria Gonzalez Cubells<\/li>\n<li>3rd prize: Game of BCN FISH + Participatory Guide of the Barcelon\u00e8s d\u2019An\u00e8llides \u2013 Virginia Abenia<\/li>\n<\/ul>\n<p><img loading=\"lazy\" decoding=\"async\" class=\"alignnone size-full wp-image-853\" src=\"https:\/\/biomarato.org\/wp-content\/uploads\/2024\/11\/Sense-titol-580-x-330-px-4-scaled.jpg\" alt=\"\" width=\"2560\" height=\"1702\" \/><\/p>\n<h3><strong>Tarragona Province:<\/strong><\/h3>\n<ul>\n<li>1st prize: Training course on seagrass sampling (Posidonia oceanica and Cymodocea nodosa) with scientific immersion within the END\u00c8MICS PROJECT, courtesy of the Oce\u00e1nicos Association \/ \u201cIntroduction to Marine Biology\u201d course with Plankton Diving \u2013 Guillem Mayor<\/li>\n<li>2nd prize: Guided dive from a boat with the Oce\u00e1nicos Association \/ 2 places for scuba diving with Plankton Diving \u2013 Anna Canela<\/li>\n<li>3rd prize: Guided dive from the beach with the Oce\u00e1nicos Association \/ 2 places for guided snorkeling with Plankton Diving \u2013 Eva Ram\u00edrez<\/li>\n<\/ul>\n<p><img loading=\"lazy\" decoding=\"async\" class=\"alignnone size-full wp-image-856\" src=\"https:\/\/biomarato.org\/wp-content\/uploads\/2024\/11\/3-scaled.jpg\" alt=\"\" width=\"2560\" height=\"1702\" \/><\/p>\n<h3><strong>Girona Province:<\/strong><\/h3>\n<ul>\n<li>1st prize: Diving trip to the Medes Islands with the ANERIS project (FECDAS) \u2013 Miquel Pontes<\/li>\n<li>2nd prize: Diving trip to Platja d\u2019Aro with the ANERIS project (FECDAS) \u2013 Adri\u00e0 Compte<\/li>\n<li>3rd prize: Copy of the book \u201cPractical guide to photographing nudibranchs of the Spanish coast\u201d by Xavier Salvador (ICM-CSIC) \u2013 Manel Ortega<\/li>\n<\/ul>\n<p><img loading=\"lazy\" decoding=\"async\" class=\"alignnone size-full wp-image-859\" src=\"https:\/\/biomarato.org\/wp-content\/uploads\/2024\/11\/5-scaled.jpg\" alt=\"\" width=\"2560\" height=\"1702\" \/><\/p>\n<h3><strong>Random prizes:<\/strong><\/h3>\n<ul>\n<li>5 places in the online underwater photography course with Xavier Salvador, courtesy of the ICM team: David Marco, Gonzalo Zafra, Jaume Alaball, Albert Vim and Conxi.<br \/>\nScientific diving course with FECDAS \u2013 Enric Badosa<br \/>\n7 places in guided snorkeling with the ICM team in April, to participate in the BioDiverCiutat \u2013 City Nature Challenge: Estrella Rib\u00f3, Nerea Vieitez, Joan Div\u00ed, Pau Pag\u00e8s, Marta Nadal, David Aland\u00ed, Irene Bernabeu.<\/li>\n<\/ul>\n<p><a href=\"https:\/\/saco.csic.es\/s\/5zMKaWrZnwEGSN4\"><strong>PHOTO GALLERY<\/strong><\/a><\/p>\n<p>&nbsp;<\/p>\n<p>&nbsp;<\/p>\n","protected":false},"excerpt":{"rendered":"<p>Last Saturday, November 9, the Fishing Interpretation Center (CIP) of L&#8217;Ametlla de Mar was the scene of the Volunteer Festival, a meeting that served to celebrate the closing of BioMARat\u00f3 [&hellip;]<\/p>\n","protected":false},"author":1,"featured_media":481,"comment_status":"open","ping_status":"open","sticky":false,"template":"","format":"standard","meta":{"_acf_changed":false,"_et_pb_use_builder":"","_et_pb_old_content":"","_et_gb_content_width":"","footnotes":""},"categories":[1],"tags":[],"class_list":["post-653","post","type-post","status-publish","format-standard","has-post-thumbnail","hentry","category-general"],"acf":[],"yoast_head":"<!-- This site is optimized with the Yoast SEO plugin v27.5 - https:\/\/yoast.com\/product\/yoast-seo-wordpress\/ -->\n<title>The Volunteer Festival successfully closes the BioMARathon Catalonia 2024 in l&#039;Ametlla de Mar - Catalunya<\/title>\n<meta name=\"robots\" content=\"index, follow, max-snippet:-1, max-image-preview:large, max-video-preview:-1\" \/>\n<link rel=\"canonical\" href=\"https:\/\/biomarato.org\/catalunya\/en\/la-festa-del-voluntariat-tanca-amb-exit-la-biomarato-2024-a-lametlla-de-mar\/\" \/>\n<meta property=\"og:locale\" content=\"en_US\" \/>\n<meta property=\"og:type\" content=\"article\" \/>\n<meta property=\"og:title\" content=\"The Volunteer Festival successfully closes the BioMARathon Catalonia 2024 in l&#039;Ametlla de Mar - Catalunya\" \/>\n<meta property=\"og:description\" content=\"Last Saturday, November 9, the Fishing Interpretation Center (CIP) of L&#8217;Ametlla de Mar was the scene of the Volunteer Festival, a meeting that served to celebrate the closing of BioMARat\u00f3 [&hellip;]\" \/>\n<meta property=\"og:url\" content=\"https:\/\/biomarato.org\/catalunya\/en\/la-festa-del-voluntariat-tanca-amb-exit-la-biomarato-2024-a-lametlla-de-mar\/\" \/>\n<meta property=\"og:site_name\" content=\"Catalunya\" \/>\n<meta property=\"article:published_time\" content=\"2024-11-21T10:34:19+00:00\" \/>\n<meta property=\"article:modified_time\" content=\"2025-02-28T16:41:56+00:00\" \/>\n<meta property=\"og:image\" content=\"https:\/\/biomarato.org\/catalunya\/wp-content\/uploads\/sites\/3\/2025\/01\/Sense-titol-580-x-330-px.jpg\" \/>\n\t<meta property=\"og:image:width\" content=\"580\" \/>\n\t<meta property=\"og:image:height\" content=\"330\" \/>\n\t<meta property=\"og:image:type\" content=\"image\/jpeg\" \/>\n<meta name=\"author\" content=\"admin\" \/>\n<meta name=\"twitter:card\" content=\"summary_large_image\" \/>\n<meta name=\"twitter:label1\" content=\"Written by\" \/>\n\t<meta name=\"twitter:data1\" content=\"admin\" \/>\n\t<meta name=\"twitter:label2\" content=\"Est. reading time\" \/>\n\t<meta name=\"twitter:data2\" content=\"5 minutes\" \/>\n<script type=\"application\/ld+json\" class=\"yoast-schema-graph\">{\"@context\":\"https:\\\/\\\/schema.org\",\"@graph\":[{\"@type\":\"Article\",\"@id\":\"https:\\\/\\\/biomarato.org\\\/catalunya\\\/en\\\/la-festa-del-voluntariat-tanca-amb-exit-la-biomarato-2024-a-lametlla-de-mar\\\/#article\",\"isPartOf\":{\"@id\":\"https:\\\/\\\/biomarato.org\\\/catalunya\\\/en\\\/la-festa-del-voluntariat-tanca-amb-exit-la-biomarato-2024-a-lametlla-de-mar\\\/\"},\"author\":{\"name\":\"admin\",\"@id\":\"https:\\\/\\\/biomarato.org\\\/catalunya\\\/en\\\/#\\\/schema\\\/person\\\/ff7b95cd44e19c2af4269c72bd631951\"},\"headline\":\"The Volunteer Festival successfully closes the BioMARathon Catalonia 2024 in l&#8217;Ametlla de Mar\",\"datePublished\":\"2024-11-21T10:34:19+00:00\",\"dateModified\":\"2025-02-28T16:41:56+00:00\",\"mainEntityOfPage\":{\"@id\":\"https:\\\/\\\/biomarato.org\\\/catalunya\\\/en\\\/la-festa-del-voluntariat-tanca-amb-exit-la-biomarato-2024-a-lametlla-de-mar\\\/\"},\"wordCount\":620,\"commentCount\":0,\"image\":{\"@id\":\"https:\\\/\\\/biomarato.org\\\/catalunya\\\/en\\\/la-festa-del-voluntariat-tanca-amb-exit-la-biomarato-2024-a-lametlla-de-mar\\\/#primaryimage\"},\"thumbnailUrl\":\"https:\\\/\\\/biomarato.org\\\/catalunya\\\/wp-content\\\/uploads\\\/sites\\\/3\\\/2025\\\/01\\\/Sense-titol-580-x-330-px.jpg\",\"articleSection\":[\"Sense categoria\"],\"inLanguage\":\"en-US\",\"potentialAction\":[{\"@type\":\"CommentAction\",\"name\":\"Comment\",\"target\":[\"https:\\\/\\\/biomarato.org\\\/catalunya\\\/en\\\/la-festa-del-voluntariat-tanca-amb-exit-la-biomarato-2024-a-lametlla-de-mar\\\/#respond\"]}]},{\"@type\":\"WebPage\",\"@id\":\"https:\\\/\\\/biomarato.org\\\/catalunya\\\/en\\\/la-festa-del-voluntariat-tanca-amb-exit-la-biomarato-2024-a-lametlla-de-mar\\\/\",\"url\":\"https:\\\/\\\/biomarato.org\\\/catalunya\\\/en\\\/la-festa-del-voluntariat-tanca-amb-exit-la-biomarato-2024-a-lametlla-de-mar\\\/\",\"name\":\"The Volunteer Festival successfully closes the BioMARathon Catalonia 2024 in l'Ametlla de Mar - Catalunya\",\"isPartOf\":{\"@id\":\"https:\\\/\\\/biomarato.org\\\/catalunya\\\/en\\\/#website\"},\"primaryImageOfPage\":{\"@id\":\"https:\\\/\\\/biomarato.org\\\/catalunya\\\/en\\\/la-festa-del-voluntariat-tanca-amb-exit-la-biomarato-2024-a-lametlla-de-mar\\\/#primaryimage\"},\"image\":{\"@id\":\"https:\\\/\\\/biomarato.org\\\/catalunya\\\/en\\\/la-festa-del-voluntariat-tanca-amb-exit-la-biomarato-2024-a-lametlla-de-mar\\\/#primaryimage\"},\"thumbnailUrl\":\"https:\\\/\\\/biomarato.org\\\/catalunya\\\/wp-content\\\/uploads\\\/sites\\\/3\\\/2025\\\/01\\\/Sense-titol-580-x-330-px.jpg\",\"datePublished\":\"2024-11-21T10:34:19+00:00\",\"dateModified\":\"2025-02-28T16:41:56+00:00\",\"author\":{\"@id\":\"https:\\\/\\\/biomarato.org\\\/catalunya\\\/en\\\/#\\\/schema\\\/person\\\/ff7b95cd44e19c2af4269c72bd631951\"},\"breadcrumb\":{\"@id\":\"https:\\\/\\\/biomarato.org\\\/catalunya\\\/en\\\/la-festa-del-voluntariat-tanca-amb-exit-la-biomarato-2024-a-lametlla-de-mar\\\/#breadcrumb\"},\"inLanguage\":\"en-US\",\"potentialAction\":[{\"@type\":\"ReadAction\",\"target\":[\"https:\\\/\\\/biomarato.org\\\/catalunya\\\/en\\\/la-festa-del-voluntariat-tanca-amb-exit-la-biomarato-2024-a-lametlla-de-mar\\\/\"]}]},{\"@type\":\"ImageObject\",\"inLanguage\":\"en-US\",\"@id\":\"https:\\\/\\\/biomarato.org\\\/catalunya\\\/en\\\/la-festa-del-voluntariat-tanca-amb-exit-la-biomarato-2024-a-lametlla-de-mar\\\/#primaryimage\",\"url\":\"https:\\\/\\\/biomarato.org\\\/catalunya\\\/wp-content\\\/uploads\\\/sites\\\/3\\\/2025\\\/01\\\/Sense-titol-580-x-330-px.jpg\",\"contentUrl\":\"https:\\\/\\\/biomarato.org\\\/catalunya\\\/wp-content\\\/uploads\\\/sites\\\/3\\\/2025\\\/01\\\/Sense-titol-580-x-330-px.jpg\",\"width\":580,\"height\":330},{\"@type\":\"BreadcrumbList\",\"@id\":\"https:\\\/\\\/biomarato.org\\\/catalunya\\\/en\\\/la-festa-del-voluntariat-tanca-amb-exit-la-biomarato-2024-a-lametlla-de-mar\\\/#breadcrumb\",\"itemListElement\":[{\"@type\":\"ListItem\",\"position\":1,\"name\":\"Inici\",\"item\":\"https:\\\/\\\/biomarato.org\\\/catalunya\\\/en\\\/\"},{\"@type\":\"ListItem\",\"position\":2,\"name\":\"The Volunteer Festival successfully closes the BioMARathon Catalonia 2024 in l&#8217;Ametlla de Mar\"}]},{\"@type\":\"WebSite\",\"@id\":\"https:\\\/\\\/biomarato.org\\\/catalunya\\\/en\\\/#website\",\"url\":\"https:\\\/\\\/biomarato.org\\\/catalunya\\\/en\\\/\",\"name\":\"Catalunya\",\"description\":\"Una iniciativa per descobrir la biodiversitat marina amb la ci\u00e8ncia ciutadana\",\"potentialAction\":[{\"@type\":\"SearchAction\",\"target\":{\"@type\":\"EntryPoint\",\"urlTemplate\":\"https:\\\/\\\/biomarato.org\\\/catalunya\\\/en\\\/?s={search_term_string}\"},\"query-input\":{\"@type\":\"PropertyValueSpecification\",\"valueRequired\":true,\"valueName\":\"search_term_string\"}}],\"inLanguage\":\"en-US\"},{\"@type\":\"Person\",\"@id\":\"https:\\\/\\\/biomarato.org\\\/catalunya\\\/en\\\/#\\\/schema\\\/person\\\/ff7b95cd44e19c2af4269c72bd631951\",\"name\":\"admin\",\"image\":{\"@type\":\"ImageObject\",\"inLanguage\":\"en-US\",\"@id\":\"https:\\\/\\\/secure.gravatar.com\\\/avatar\\\/a9d1bfedf501cbd8ae27b11de9986604bf4cdcea73b507457dfd4ff5dc770b75?s=96&d=mm&r=g\",\"url\":\"https:\\\/\\\/secure.gravatar.com\\\/avatar\\\/a9d1bfedf501cbd8ae27b11de9986604bf4cdcea73b507457dfd4ff5dc770b75?s=96&d=mm&r=g\",\"contentUrl\":\"https:\\\/\\\/secure.gravatar.com\\\/avatar\\\/a9d1bfedf501cbd8ae27b11de9986604bf4cdcea73b507457dfd4ff5dc770b75?s=96&d=mm&r=g\",\"caption\":\"admin\"},\"sameAs\":[\"https:\\\/\\\/biomarato.org\"]}]}<\/script>\n<!-- \/ Yoast SEO plugin. -->","yoast_head_json":{"title":"The Volunteer Festival successfully closes the BioMARathon Catalonia 2024 in l'Ametlla de Mar - Catalunya","robots":{"index":"index","follow":"follow","max-snippet":"max-snippet:-1","max-image-preview":"max-image-preview:large","max-video-preview":"max-video-preview:-1"},"canonical":"https:\/\/biomarato.org\/catalunya\/en\/la-festa-del-voluntariat-tanca-amb-exit-la-biomarato-2024-a-lametlla-de-mar\/","og_locale":"en_US","og_type":"article","og_title":"The Volunteer Festival successfully closes the BioMARathon Catalonia 2024 in l'Ametlla de Mar - Catalunya","og_description":"Last Saturday, November 9, the Fishing Interpretation Center (CIP) of L&#8217;Ametlla de Mar was the scene of the Volunteer Festival, a meeting that served to celebrate the closing of BioMARat\u00f3 [&hellip;]","og_url":"https:\/\/biomarato.org\/catalunya\/en\/la-festa-del-voluntariat-tanca-amb-exit-la-biomarato-2024-a-lametlla-de-mar\/","og_site_name":"Catalunya","article_published_time":"2024-11-21T10:34:19+00:00","article_modified_time":"2025-02-28T16:41:56+00:00","og_image":[{"width":580,"height":330,"url":"https:\/\/biomarato.org\/catalunya\/wp-content\/uploads\/sites\/3\/2025\/01\/Sense-titol-580-x-330-px.jpg","type":"image\/jpeg"}],"author":"admin","twitter_card":"summary_large_image","twitter_misc":{"Written by":"admin","Est. reading time":"5 minutes"},"schema":{"@context":"https:\/\/schema.org","@graph":[{"@type":"Article","@id":"https:\/\/biomarato.org\/catalunya\/en\/la-festa-del-voluntariat-tanca-amb-exit-la-biomarato-2024-a-lametlla-de-mar\/#article","isPartOf":{"@id":"https:\/\/biomarato.org\/catalunya\/en\/la-festa-del-voluntariat-tanca-amb-exit-la-biomarato-2024-a-lametlla-de-mar\/"},"author":{"name":"admin","@id":"https:\/\/biomarato.org\/catalunya\/en\/#\/schema\/person\/ff7b95cd44e19c2af4269c72bd631951"},"headline":"The Volunteer Festival successfully closes the BioMARathon Catalonia 2024 in l&#8217;Ametlla de Mar","datePublished":"2024-11-21T10:34:19+00:00","dateModified":"2025-02-28T16:41:56+00:00","mainEntityOfPage":{"@id":"https:\/\/biomarato.org\/catalunya\/en\/la-festa-del-voluntariat-tanca-amb-exit-la-biomarato-2024-a-lametlla-de-mar\/"},"wordCount":620,"commentCount":0,"image":{"@id":"https:\/\/biomarato.org\/catalunya\/en\/la-festa-del-voluntariat-tanca-amb-exit-la-biomarato-2024-a-lametlla-de-mar\/#primaryimage"},"thumbnailUrl":"https:\/\/biomarato.org\/catalunya\/wp-content\/uploads\/sites\/3\/2025\/01\/Sense-titol-580-x-330-px.jpg","articleSection":["Sense categoria"],"inLanguage":"en-US","potentialAction":[{"@type":"CommentAction","name":"Comment","target":["https:\/\/biomarato.org\/catalunya\/en\/la-festa-del-voluntariat-tanca-amb-exit-la-biomarato-2024-a-lametlla-de-mar\/#respond"]}]},{"@type":"WebPage","@id":"https:\/\/biomarato.org\/catalunya\/en\/la-festa-del-voluntariat-tanca-amb-exit-la-biomarato-2024-a-lametlla-de-mar\/","url":"https:\/\/biomarato.org\/catalunya\/en\/la-festa-del-voluntariat-tanca-amb-exit-la-biomarato-2024-a-lametlla-de-mar\/","name":"The Volunteer Festival successfully closes the BioMARathon Catalonia 2024 in l'Ametlla de Mar - Catalunya","isPartOf":{"@id":"https:\/\/biomarato.org\/catalunya\/en\/#website"},"primaryImageOfPage":{"@id":"https:\/\/biomarato.org\/catalunya\/en\/la-festa-del-voluntariat-tanca-amb-exit-la-biomarato-2024-a-lametlla-de-mar\/#primaryimage"},"image":{"@id":"https:\/\/biomarato.org\/catalunya\/en\/la-festa-del-voluntariat-tanca-amb-exit-la-biomarato-2024-a-lametlla-de-mar\/#primaryimage"},"thumbnailUrl":"https:\/\/biomarato.org\/catalunya\/wp-content\/uploads\/sites\/3\/2025\/01\/Sense-titol-580-x-330-px.jpg","datePublished":"2024-11-21T10:34:19+00:00","dateModified":"2025-02-28T16:41:56+00:00","author":{"@id":"https:\/\/biomarato.org\/catalunya\/en\/#\/schema\/person\/ff7b95cd44e19c2af4269c72bd631951"},"breadcrumb":{"@id":"https:\/\/biomarato.org\/catalunya\/en\/la-festa-del-voluntariat-tanca-amb-exit-la-biomarato-2024-a-lametlla-de-mar\/#breadcrumb"},"inLanguage":"en-US","potentialAction":[{"@type":"ReadAction","target":["https:\/\/biomarato.org\/catalunya\/en\/la-festa-del-voluntariat-tanca-amb-exit-la-biomarato-2024-a-lametlla-de-mar\/"]}]},{"@type":"ImageObject","inLanguage":"en-US","@id":"https:\/\/biomarato.org\/catalunya\/en\/la-festa-del-voluntariat-tanca-amb-exit-la-biomarato-2024-a-lametlla-de-mar\/#primaryimage","url":"https:\/\/biomarato.org\/catalunya\/wp-content\/uploads\/sites\/3\/2025\/01\/Sense-titol-580-x-330-px.jpg","contentUrl":"https:\/\/biomarato.org\/catalunya\/wp-content\/uploads\/sites\/3\/2025\/01\/Sense-titol-580-x-330-px.jpg","width":580,"height":330},{"@type":"BreadcrumbList","@id":"https:\/\/biomarato.org\/catalunya\/en\/la-festa-del-voluntariat-tanca-amb-exit-la-biomarato-2024-a-lametlla-de-mar\/#breadcrumb","itemListElement":[{"@type":"ListItem","position":1,"name":"Inici","item":"https:\/\/biomarato.org\/catalunya\/en\/"},{"@type":"ListItem","position":2,"name":"The Volunteer Festival successfully closes the BioMARathon Catalonia 2024 in l&#8217;Ametlla de Mar"}]},{"@type":"WebSite","@id":"https:\/\/biomarato.org\/catalunya\/en\/#website","url":"https:\/\/biomarato.org\/catalunya\/en\/","name":"Catalunya","description":"Una iniciativa per descobrir la biodiversitat marina amb la ci\u00e8ncia ciutadana","potentialAction":[{"@type":"SearchAction","target":{"@type":"EntryPoint","urlTemplate":"https:\/\/biomarato.org\/catalunya\/en\/?s={search_term_string}"},"query-input":{"@type":"PropertyValueSpecification","valueRequired":true,"valueName":"search_term_string"}}],"inLanguage":"en-US"},{"@type":"Person","@id":"https:\/\/biomarato.org\/catalunya\/en\/#\/schema\/person\/ff7b95cd44e19c2af4269c72bd631951","name":"admin","image":{"@type":"ImageObject","inLanguage":"en-US","@id":"https:\/\/secure.gravatar.com\/avatar\/a9d1bfedf501cbd8ae27b11de9986604bf4cdcea73b507457dfd4ff5dc770b75?s=96&d=mm&r=g","url":"https:\/\/secure.gravatar.com\/avatar\/a9d1bfedf501cbd8ae27b11de9986604bf4cdcea73b507457dfd4ff5dc770b75?s=96&d=mm&r=g","contentUrl":"https:\/\/secure.gravatar.com\/avatar\/a9d1bfedf501cbd8ae27b11de9986604bf4cdcea73b507457dfd4ff5dc770b75?s=96&d=mm&r=g","caption":"admin"},"sameAs":["https:\/\/biomarato.org"]}]}},"_links":{"self":[{"href":"https:\/\/biomarato.org\/catalunya\/en\/wp-json\/wp\/v2\/posts\/653","targetHints":{"allow":["GET"]}}],"collection":[{"href":"https:\/\/biomarato.org\/catalunya\/en\/wp-json\/wp\/v2\/posts"}],"about":[{"href":"https:\/\/biomarato.org\/catalunya\/en\/wp-json\/wp\/v2\/types\/post"}],"author":[{"embeddable":true,"href":"https:\/\/biomarato.org\/catalunya\/en\/wp-json\/wp\/v2\/users\/1"}],"replies":[{"embeddable":true,"href":"https:\/\/biomarato.org\/catalunya\/en\/wp-json\/wp\/v2\/comments?post=653"}],"version-history":[{"count":4,"href":"https:\/\/biomarato.org\/catalunya\/en\/wp-json\/wp\/v2\/posts\/653\/revisions"}],"predecessor-version":[{"id":661,"href":"https:\/\/biomarato.org\/catalunya\/en\/wp-json\/wp\/v2\/posts\/653\/revisions\/661"}],"wp:featuredmedia":[{"embeddable":true,"href":"https:\/\/biomarato.org\/catalunya\/en\/wp-json\/wp\/v2\/media\/481"}],"wp:attachment":[{"href":"https:\/\/biomarato.org\/catalunya\/en\/wp-json\/wp\/v2\/media?parent=653"}],"wp:term":[{"taxonomy":"category","embeddable":true,"href":"https:\/\/biomarato.org\/catalunya\/en\/wp-json\/wp\/v2\/categories?post=653"},{"taxonomy":"post_tag","embeddable":true,"href":"https:\/\/biomarato.org\/catalunya\/en\/wp-json\/wp\/v2\/tags?post=653"}],"curies":[{"name":"wp","href":"https:\/\/api.w.org\/{rel}","templated":true}]}}