{"id":1151,"date":"2025-05-19T13:22:10","date_gmt":"2025-05-19T11:22:10","guid":{"rendered":"https:\/\/biomarato.org\/catalunya\/?p=1151"},"modified":"2025-05-21T10:11:11","modified_gmt":"2025-05-21T08:11:11","slug":"cinquena-edicio-dbiomarato-vida-marina-platges-catalanes","status":"publish","type":"post","link":"https:\/\/biomarato.org\/catalunya\/cinquena-edicio-dbiomarato-vida-marina-platges-catalanes\/","title":{"rendered":"Comen\u00e7a la cinquena edici\u00f3 de la BioMARat\u00f3 per descobrir la vida marina de les platges catalanes"},"content":{"rendered":"<p><b>L\u2019esdeveniment de ci\u00e8ncia ciutadana convida la poblaci\u00f3 a fotografiar flora i fauna marina al llarg del litoral de Catalunya. Es demana registrar aquestes fotografies a la plataforma MINKA per contribuir a la recerca i conservaci\u00f3 dels ecosistemes.<\/b><\/p>\n<p><span style=\"font-weight: 400\">Aquest mes de maig arrenca la cinquena edici\u00f3 de la <\/span><a href=\"https:\/\/biomarato.org\/catalunya\/\"><span style=\"font-weight: 400\">BioMARat\u00f3<\/span><\/a><span style=\"font-weight: 400\">, una iniciativa de ci\u00e8ncia ciutadana impulsada per l\u2019Institut de Ci\u00e8ncies del Mar (ICM-CSIC). El seu objectiu principal \u00e9s descobrir la biodiversitat marina del litoral catal\u00e0. Sota el lema \u201cPlatges amb vida\u201d, la campanya vol transformar la percepci\u00f3 de les platges com a espais vius i essencials per a la salut dels ecosistemes, alhora que fomenta la participaci\u00f3 activa de la ciutadania en la recerca cient\u00edfica.<\/span><\/p>\n<p><span style=\"font-weight: 400\">Des del primer cap de setmana de maig fins al 15 d\u2019octubre, la BioMARat\u00f3 convida totes les persones aficionades al mar i a la natura a fotografiar les esp\u00e8cies que trobin als ecosistemes litorals i marins, i a registrar-les a trav\u00e9s de la <\/span><a href=\"https:\/\/minka-sdg.org\/\"><span style=\"font-weight: 400\">plataforma MINKA<\/span><\/a><span style=\"font-weight: 400\">. Aquesta eina participativa tamb\u00e9 permet identificar i validar les observacions de biodiversitat de manera col\u00b7laborativa.\u00a0<\/span><\/p>\n<p><span style=\"font-weight: 400\">Al llarg de l\u2019esdeveniment, diverses entitats mobilitzadores organitzaran activitats per incentivar la participaci\u00f3. Enguany, la Federaci\u00f3 Catalana d\u2019Activitats Subaqu\u00e0tiques (FECDAS), Pl\u00e0ncton Diving, l\u2019Associaci\u00f3 Oce\u00e1nicos, An\u00e8l\u00b7lides &#8211; Serveis Ambientals Marins i l\u2019Associaci\u00f3 Mediambiental Xatrac <\/span><a href=\"https:\/\/biomarato.org\/catalunya\/agenda\/\"><span style=\"font-weight: 400\">ofereixen sortides guiades d\u2019esn\u00f2rquel i busseig<\/span><\/a><span style=\"font-weight: 400\"> per fotografiar la vida marina en diferents punts del territori.\u00a0<\/span><\/p>\n<h2><b>Una competici\u00f3 amistosa entre prov\u00edncies<\/b><\/h2>\n<p><span style=\"font-weight: 400\">Per estimular la participaci\u00f3, la BioMARat\u00f3 es planteja com una competici\u00f3 amistosa entre les tres prov\u00edncies costaneres de Catalunya: Girona, Barcelona i Tarragona. Aix\u00ed, les persones participants competeixen per veure qui aconsegueix fer m\u00e9s observacions, i els resultats es donaran a con\u00e8ixer a la cloenda de la campanya.<\/span><\/p>\n<p><span style=\"font-weight: 400\">A l\u2019edici\u00f3 del 2024, es van recollir m\u00e9s de 91.000 observacions amb grau de recerca i es van identificar m\u00e9s de 1.720 esp\u00e8cies, gr\u00e0cies a la participaci\u00f3 de 481 persones. Entre les troballes m\u00e9s destacades s\u2019hi troba <\/span><a href=\"https:\/\/minka-sdg.org\/observations\/389431\"><span style=\"font-weight: 400\">el cuc de foc (<\/span><i><span style=\"font-weight: 400\">Hermodice carunculata<\/span><\/i><span style=\"font-weight: 400\">)<\/span><\/a><span style=\"font-weight: 400\">, una esp\u00e8cie tropical localitzada al Port de Tarragona i considerat com a primera ita a Catalunya. A Blanes, una parella d&#8217;aficionats a l&#8217;apnea van trobar <\/span><a href=\"https:\/\/minka-sdg.org\/observations\/376223\"><span style=\"font-weight: 400\">la vieja can\u00e0ria (<\/span><i><span style=\"font-weight: 400\">Sparisoma cretense<\/span><\/i><span style=\"font-weight: 400\">)<\/span><\/a><span style=\"font-weight: 400\">, un peix d\u2019origen atl\u00e0ntic. Aquest, va ser la primera evid\u00e8ncia amb fotografia d\u2019aquesta esp\u00e8cie a la costa catalana.<\/span><\/p>\n<h2><b>Un model que escala internacionalment<\/b><\/h2>\n<p><span style=\"font-weight: 400\">La BioMARat\u00f3 \u00e9s impulsada pel grup de recerca <\/span><a href=\"https:\/\/www.icm.csic.es\/ca\/grup-recerca\/environmental-and-sustainability-participatory-information-systems\"><span style=\"font-weight: 400\">EMBIMOS<\/span><\/a><span style=\"font-weight: 400\"> de l\u2019Institut de Ci\u00e8ncies del Mar (ICM-CSIC), un equip que treballa per dissenyar i aplicar sistemes d\u2019informaci\u00f3 participatius que ajudin a prendre decisions per a la sostenibilitat ambiental.<\/span><\/p>\n<p><span style=\"font-weight: 400\">Despr\u00e9s de cinc anys de traject\u00f2ria, la BioMARat\u00f3 s\u2019ha consolidat com un model d\u2019\u00e8xit de ci\u00e8ncia ciutadana marina. Per exemple, <\/span><a href=\"https:\/\/biomarato.org\/portugal\/\"><span style=\"font-weight: 400\">Portugal ja ha iniciat una BioMARat\u00f3 pr\u00f2pia<\/span><\/a><span style=\"font-weight: 400\">, amb el nom de BioMARatona, inspirada en l\u2019experi\u00e8ncia catalana.<\/span><\/p>\n<p><span style=\"font-weight: 400\">La BioMARat\u00f3 compta amb el suport de diversos projectes europeus, com ANERIS, GUARDEN, PHAROS, ECS, ENFORCE i ENHANCE.<\/span><\/p>\n","protected":false},"excerpt":{"rendered":"<p>L\u2019esdeveniment de ci\u00e8ncia ciutadana convida la poblaci\u00f3 a fotografiar flora i fauna marina al llarg del litoral de Catalunya. Es demana registrar aquestes fotografies a la plataforma MINKA per contribuir [&hellip;]<\/p>\n","protected":false},"author":3,"featured_media":862,"comment_status":"open","ping_status":"open","sticky":false,"template":"","format":"standard","meta":{"_acf_changed":false,"_et_pb_use_builder":"","_et_pb_old_content":"","_et_gb_content_width":"","footnotes":""},"categories":[11],"tags":[],"class_list":["post-1151","post","type-post","status-publish","format-standard","has-post-thumbnail","hentry","category-uncategorized-ca"],"acf":[],"yoast_head":"<!-- This site is optimized with the Yoast SEO plugin v27.5 - https:\/\/yoast.com\/product\/yoast-seo-wordpress\/ -->\n<title>Comen\u00e7a la cinquena edici\u00f3 de la BioMARat\u00f3 per descobrir la vida marina de les platges catalanes - La BioMARat\u00f3 a Catalunya<\/title>\n<meta name=\"robots\" content=\"index, follow, max-snippet:-1, max-image-preview:large, max-video-preview:-1\" \/>\n<link rel=\"canonical\" href=\"https:\/\/biomarato.org\/catalunya\/cinquena-edicio-dbiomarato-vida-marina-platges-catalanes\/\" \/>\n<meta property=\"og:locale\" content=\"ca_ES\" \/>\n<meta property=\"og:type\" content=\"article\" \/>\n<meta property=\"og:title\" content=\"Comen\u00e7a la cinquena edici\u00f3 de la BioMARat\u00f3 per descobrir la vida marina de les platges catalanes - La BioMARat\u00f3 a Catalunya\" \/>\n<meta property=\"og:description\" content=\"L\u2019esdeveniment de ci\u00e8ncia ciutadana convida la poblaci\u00f3 a fotografiar flora i fauna marina al llarg del litoral de Catalunya. Es demana registrar aquestes fotografies a la plataforma MINKA per contribuir [&hellip;]\" \/>\n<meta property=\"og:url\" content=\"https:\/\/biomarato.org\/catalunya\/cinquena-edicio-dbiomarato-vida-marina-platges-catalanes\/\" \/>\n<meta property=\"og:site_name\" content=\"La BioMARat\u00f3 a Catalunya\" \/>\n<meta property=\"article:published_time\" content=\"2025-05-19T11:22:10+00:00\" \/>\n<meta property=\"article:modified_time\" content=\"2025-05-21T08:11:11+00:00\" \/>\n<meta property=\"og:image\" content=\"https:\/\/biomarato.org\/catalunya\/wp-content\/uploads\/sites\/3\/2025\/03\/Banner-BioMARato-2025-low-1024x512.png\" \/>\n\t<meta property=\"og:image:width\" content=\"1024\" \/>\n\t<meta property=\"og:image:height\" content=\"512\" \/>\n\t<meta property=\"og:image:type\" content=\"image\/png\" \/>\n<meta name=\"author\" content=\"Marina Torres Gibert\" \/>\n<meta name=\"twitter:card\" content=\"summary_large_image\" \/>\n<meta name=\"twitter:label1\" content=\"Escrit per\" \/>\n\t<meta name=\"twitter:data1\" content=\"Marina Torres Gibert\" \/>\n\t<meta name=\"twitter:label2\" content=\"Temps estimat de lectura\" \/>\n\t<meta name=\"twitter:data2\" content=\"3 minuts\" \/>\n<script type=\"application\/ld+json\" class=\"yoast-schema-graph\">{\"@context\":\"https:\\\/\\\/schema.org\",\"@graph\":[{\"@type\":\"Article\",\"@id\":\"https:\\\/\\\/biomarato.org\\\/catalunya\\\/cinquena-edicio-dbiomarato-vida-marina-platges-catalanes\\\/#article\",\"isPartOf\":{\"@id\":\"https:\\\/\\\/biomarato.org\\\/catalunya\\\/cinquena-edicio-dbiomarato-vida-marina-platges-catalanes\\\/\"},\"author\":{\"name\":\"Marina Torres Gibert\",\"@id\":\"https:\\\/\\\/biomarato.org\\\/catalunya\\\/#\\\/schema\\\/person\\\/c6cfad1f30439c7011c58c5ba58fd199\"},\"headline\":\"Comen\u00e7a la cinquena edici\u00f3 de la BioMARat\u00f3 per descobrir la vida marina de les platges catalanes\",\"datePublished\":\"2025-05-19T11:22:10+00:00\",\"dateModified\":\"2025-05-21T08:11:11+00:00\",\"mainEntityOfPage\":{\"@id\":\"https:\\\/\\\/biomarato.org\\\/catalunya\\\/cinquena-edicio-dbiomarato-vida-marina-platges-catalanes\\\/\"},\"wordCount\":526,\"commentCount\":0,\"image\":{\"@id\":\"https:\\\/\\\/biomarato.org\\\/catalunya\\\/cinquena-edicio-dbiomarato-vida-marina-platges-catalanes\\\/#primaryimage\"},\"thumbnailUrl\":\"https:\\\/\\\/biomarato.org\\\/catalunya\\\/wp-content\\\/uploads\\\/sites\\\/3\\\/2025\\\/03\\\/Banner-BioMARato-2025-low.png\",\"articleSection\":[\"Uncategorized @ca\"],\"inLanguage\":\"ca\",\"potentialAction\":[{\"@type\":\"CommentAction\",\"name\":\"Comment\",\"target\":[\"https:\\\/\\\/biomarato.org\\\/catalunya\\\/cinquena-edicio-dbiomarato-vida-marina-platges-catalanes\\\/#respond\"]}]},{\"@type\":\"WebPage\",\"@id\":\"https:\\\/\\\/biomarato.org\\\/catalunya\\\/cinquena-edicio-dbiomarato-vida-marina-platges-catalanes\\\/\",\"url\":\"https:\\\/\\\/biomarato.org\\\/catalunya\\\/cinquena-edicio-dbiomarato-vida-marina-platges-catalanes\\\/\",\"name\":\"Comen\u00e7a la cinquena edici\u00f3 de la BioMARat\u00f3 per descobrir la vida marina de les platges catalanes - La BioMARat\u00f3 a Catalunya\",\"isPartOf\":{\"@id\":\"https:\\\/\\\/biomarato.org\\\/catalunya\\\/#website\"},\"primaryImageOfPage\":{\"@id\":\"https:\\\/\\\/biomarato.org\\\/catalunya\\\/cinquena-edicio-dbiomarato-vida-marina-platges-catalanes\\\/#primaryimage\"},\"image\":{\"@id\":\"https:\\\/\\\/biomarato.org\\\/catalunya\\\/cinquena-edicio-dbiomarato-vida-marina-platges-catalanes\\\/#primaryimage\"},\"thumbnailUrl\":\"https:\\\/\\\/biomarato.org\\\/catalunya\\\/wp-content\\\/uploads\\\/sites\\\/3\\\/2025\\\/03\\\/Banner-BioMARato-2025-low.png\",\"datePublished\":\"2025-05-19T11:22:10+00:00\",\"dateModified\":\"2025-05-21T08:11:11+00:00\",\"author\":{\"@id\":\"https:\\\/\\\/biomarato.org\\\/catalunya\\\/#\\\/schema\\\/person\\\/c6cfad1f30439c7011c58c5ba58fd199\"},\"breadcrumb\":{\"@id\":\"https:\\\/\\\/biomarato.org\\\/catalunya\\\/cinquena-edicio-dbiomarato-vida-marina-platges-catalanes\\\/#breadcrumb\"},\"inLanguage\":\"ca\",\"potentialAction\":[{\"@type\":\"ReadAction\",\"target\":[\"https:\\\/\\\/biomarato.org\\\/catalunya\\\/cinquena-edicio-dbiomarato-vida-marina-platges-catalanes\\\/\"]}]},{\"@type\":\"ImageObject\",\"inLanguage\":\"ca\",\"@id\":\"https:\\\/\\\/biomarato.org\\\/catalunya\\\/cinquena-edicio-dbiomarato-vida-marina-platges-catalanes\\\/#primaryimage\",\"url\":\"https:\\\/\\\/biomarato.org\\\/catalunya\\\/wp-content\\\/uploads\\\/sites\\\/3\\\/2025\\\/03\\\/Banner-BioMARato-2025-low.png\",\"contentUrl\":\"https:\\\/\\\/biomarato.org\\\/catalunya\\\/wp-content\\\/uploads\\\/sites\\\/3\\\/2025\\\/03\\\/Banner-BioMARato-2025-low.png\",\"width\":2880,\"height\":1440,\"caption\":\"B\u00e0nner promocional BioMARat\u00f3 Catalunya 2025.\"},{\"@type\":\"BreadcrumbList\",\"@id\":\"https:\\\/\\\/biomarato.org\\\/catalunya\\\/cinquena-edicio-dbiomarato-vida-marina-platges-catalanes\\\/#breadcrumb\",\"itemListElement\":[{\"@type\":\"ListItem\",\"position\":1,\"name\":\"Inici\",\"item\":\"https:\\\/\\\/biomarato.org\\\/catalunya\\\/\"},{\"@type\":\"ListItem\",\"position\":2,\"name\":\"Comen\u00e7a la cinquena edici\u00f3 de la BioMARat\u00f3 per descobrir la vida marina de les platges catalanes\"}]},{\"@type\":\"WebSite\",\"@id\":\"https:\\\/\\\/biomarato.org\\\/catalunya\\\/#website\",\"url\":\"https:\\\/\\\/biomarato.org\\\/catalunya\\\/\",\"name\":\"La BioMARat\u00f3 a Catalunya\",\"description\":\"Una iniciativa per descobrir la biodiversitat marina amb la ci\u00e8ncia ciutadana\",\"potentialAction\":[{\"@type\":\"SearchAction\",\"target\":{\"@type\":\"EntryPoint\",\"urlTemplate\":\"https:\\\/\\\/biomarato.org\\\/catalunya\\\/?s={search_term_string}\"},\"query-input\":{\"@type\":\"PropertyValueSpecification\",\"valueRequired\":true,\"valueName\":\"search_term_string\"}}],\"inLanguage\":\"ca\"},{\"@type\":\"Person\",\"@id\":\"https:\\\/\\\/biomarato.org\\\/catalunya\\\/#\\\/schema\\\/person\\\/c6cfad1f30439c7011c58c5ba58fd199\",\"name\":\"Marina Torres Gibert\",\"image\":{\"@type\":\"ImageObject\",\"inLanguage\":\"ca\",\"@id\":\"https:\\\/\\\/biomarato.org\\\/wp-content\\\/uploads\\\/2025\\\/05\\\/MarinaTorres_800.jpg\",\"url\":\"https:\\\/\\\/biomarato.org\\\/wp-content\\\/uploads\\\/2025\\\/05\\\/MarinaTorres_800.jpg\",\"contentUrl\":\"https:\\\/\\\/biomarato.org\\\/wp-content\\\/uploads\\\/2025\\\/05\\\/MarinaTorres_800.jpg\",\"caption\":\"Marina Torres Gibert\"},\"description\":\"T\u00e8cnica de comunicaci\u00f3 cient\u00edfica.\"}]}<\/script>\n<!-- \/ Yoast SEO plugin. -->","yoast_head_json":{"title":"Comen\u00e7a la cinquena edici\u00f3 de la BioMARat\u00f3 per descobrir la vida marina de les platges catalanes - La BioMARat\u00f3 a Catalunya","robots":{"index":"index","follow":"follow","max-snippet":"max-snippet:-1","max-image-preview":"max-image-preview:large","max-video-preview":"max-video-preview:-1"},"canonical":"https:\/\/biomarato.org\/catalunya\/cinquena-edicio-dbiomarato-vida-marina-platges-catalanes\/","og_locale":"ca_ES","og_type":"article","og_title":"Comen\u00e7a la cinquena edici\u00f3 de la BioMARat\u00f3 per descobrir la vida marina de les platges catalanes - La BioMARat\u00f3 a Catalunya","og_description":"L\u2019esdeveniment de ci\u00e8ncia ciutadana convida la poblaci\u00f3 a fotografiar flora i fauna marina al llarg del litoral de Catalunya. Es demana registrar aquestes fotografies a la plataforma MINKA per contribuir [&hellip;]","og_url":"https:\/\/biomarato.org\/catalunya\/cinquena-edicio-dbiomarato-vida-marina-platges-catalanes\/","og_site_name":"La BioMARat\u00f3 a Catalunya","article_published_time":"2025-05-19T11:22:10+00:00","article_modified_time":"2025-05-21T08:11:11+00:00","og_image":[{"width":1024,"height":512,"url":"https:\/\/biomarato.org\/catalunya\/wp-content\/uploads\/sites\/3\/2025\/03\/Banner-BioMARato-2025-low-1024x512.png","type":"image\/png"}],"author":"Marina Torres Gibert","twitter_card":"summary_large_image","twitter_misc":{"Escrit per":"Marina Torres Gibert","Temps estimat de lectura":"3 minuts"},"schema":{"@context":"https:\/\/schema.org","@graph":[{"@type":"Article","@id":"https:\/\/biomarato.org\/catalunya\/cinquena-edicio-dbiomarato-vida-marina-platges-catalanes\/#article","isPartOf":{"@id":"https:\/\/biomarato.org\/catalunya\/cinquena-edicio-dbiomarato-vida-marina-platges-catalanes\/"},"author":{"name":"Marina Torres Gibert","@id":"https:\/\/biomarato.org\/catalunya\/#\/schema\/person\/c6cfad1f30439c7011c58c5ba58fd199"},"headline":"Comen\u00e7a la cinquena edici\u00f3 de la BioMARat\u00f3 per descobrir la vida marina de les platges catalanes","datePublished":"2025-05-19T11:22:10+00:00","dateModified":"2025-05-21T08:11:11+00:00","mainEntityOfPage":{"@id":"https:\/\/biomarato.org\/catalunya\/cinquena-edicio-dbiomarato-vida-marina-platges-catalanes\/"},"wordCount":526,"commentCount":0,"image":{"@id":"https:\/\/biomarato.org\/catalunya\/cinquena-edicio-dbiomarato-vida-marina-platges-catalanes\/#primaryimage"},"thumbnailUrl":"https:\/\/biomarato.org\/catalunya\/wp-content\/uploads\/sites\/3\/2025\/03\/Banner-BioMARato-2025-low.png","articleSection":["Uncategorized @ca"],"inLanguage":"ca","potentialAction":[{"@type":"CommentAction","name":"Comment","target":["https:\/\/biomarato.org\/catalunya\/cinquena-edicio-dbiomarato-vida-marina-platges-catalanes\/#respond"]}]},{"@type":"WebPage","@id":"https:\/\/biomarato.org\/catalunya\/cinquena-edicio-dbiomarato-vida-marina-platges-catalanes\/","url":"https:\/\/biomarato.org\/catalunya\/cinquena-edicio-dbiomarato-vida-marina-platges-catalanes\/","name":"Comen\u00e7a la cinquena edici\u00f3 de la BioMARat\u00f3 per descobrir la vida marina de les platges catalanes - La BioMARat\u00f3 a Catalunya","isPartOf":{"@id":"https:\/\/biomarato.org\/catalunya\/#website"},"primaryImageOfPage":{"@id":"https:\/\/biomarato.org\/catalunya\/cinquena-edicio-dbiomarato-vida-marina-platges-catalanes\/#primaryimage"},"image":{"@id":"https:\/\/biomarato.org\/catalunya\/cinquena-edicio-dbiomarato-vida-marina-platges-catalanes\/#primaryimage"},"thumbnailUrl":"https:\/\/biomarato.org\/catalunya\/wp-content\/uploads\/sites\/3\/2025\/03\/Banner-BioMARato-2025-low.png","datePublished":"2025-05-19T11:22:10+00:00","dateModified":"2025-05-21T08:11:11+00:00","author":{"@id":"https:\/\/biomarato.org\/catalunya\/#\/schema\/person\/c6cfad1f30439c7011c58c5ba58fd199"},"breadcrumb":{"@id":"https:\/\/biomarato.org\/catalunya\/cinquena-edicio-dbiomarato-vida-marina-platges-catalanes\/#breadcrumb"},"inLanguage":"ca","potentialAction":[{"@type":"ReadAction","target":["https:\/\/biomarato.org\/catalunya\/cinquena-edicio-dbiomarato-vida-marina-platges-catalanes\/"]}]},{"@type":"ImageObject","inLanguage":"ca","@id":"https:\/\/biomarato.org\/catalunya\/cinquena-edicio-dbiomarato-vida-marina-platges-catalanes\/#primaryimage","url":"https:\/\/biomarato.org\/catalunya\/wp-content\/uploads\/sites\/3\/2025\/03\/Banner-BioMARato-2025-low.png","contentUrl":"https:\/\/biomarato.org\/catalunya\/wp-content\/uploads\/sites\/3\/2025\/03\/Banner-BioMARato-2025-low.png","width":2880,"height":1440,"caption":"B\u00e0nner promocional BioMARat\u00f3 Catalunya 2025."},{"@type":"BreadcrumbList","@id":"https:\/\/biomarato.org\/catalunya\/cinquena-edicio-dbiomarato-vida-marina-platges-catalanes\/#breadcrumb","itemListElement":[{"@type":"ListItem","position":1,"name":"Inici","item":"https:\/\/biomarato.org\/catalunya\/"},{"@type":"ListItem","position":2,"name":"Comen\u00e7a la cinquena edici\u00f3 de la BioMARat\u00f3 per descobrir la vida marina de les platges catalanes"}]},{"@type":"WebSite","@id":"https:\/\/biomarato.org\/catalunya\/#website","url":"https:\/\/biomarato.org\/catalunya\/","name":"La BioMARat\u00f3 a Catalunya","description":"Una iniciativa per descobrir la biodiversitat marina amb la ci\u00e8ncia ciutadana","potentialAction":[{"@type":"SearchAction","target":{"@type":"EntryPoint","urlTemplate":"https:\/\/biomarato.org\/catalunya\/?s={search_term_string}"},"query-input":{"@type":"PropertyValueSpecification","valueRequired":true,"valueName":"search_term_string"}}],"inLanguage":"ca"},{"@type":"Person","@id":"https:\/\/biomarato.org\/catalunya\/#\/schema\/person\/c6cfad1f30439c7011c58c5ba58fd199","name":"Marina Torres Gibert","image":{"@type":"ImageObject","inLanguage":"ca","@id":"https:\/\/biomarato.org\/wp-content\/uploads\/2025\/05\/MarinaTorres_800.jpg","url":"https:\/\/biomarato.org\/wp-content\/uploads\/2025\/05\/MarinaTorres_800.jpg","contentUrl":"https:\/\/biomarato.org\/wp-content\/uploads\/2025\/05\/MarinaTorres_800.jpg","caption":"Marina Torres Gibert"},"description":"T\u00e8cnica de comunicaci\u00f3 cient\u00edfica."}]}},"_links":{"self":[{"href":"https:\/\/biomarato.org\/catalunya\/wp-json\/wp\/v2\/posts\/1151","targetHints":{"allow":["GET"]}}],"collection":[{"href":"https:\/\/biomarato.org\/catalunya\/wp-json\/wp\/v2\/posts"}],"about":[{"href":"https:\/\/biomarato.org\/catalunya\/wp-json\/wp\/v2\/types\/post"}],"author":[{"embeddable":true,"href":"https:\/\/biomarato.org\/catalunya\/wp-json\/wp\/v2\/users\/3"}],"replies":[{"embeddable":true,"href":"https:\/\/biomarato.org\/catalunya\/wp-json\/wp\/v2\/comments?post=1151"}],"version-history":[{"count":5,"href":"https:\/\/biomarato.org\/catalunya\/wp-json\/wp\/v2\/posts\/1151\/revisions"}],"predecessor-version":[{"id":1156,"href":"https:\/\/biomarato.org\/catalunya\/wp-json\/wp\/v2\/posts\/1151\/revisions\/1156"}],"wp:featuredmedia":[{"embeddable":true,"href":"https:\/\/biomarato.org\/catalunya\/wp-json\/wp\/v2\/media\/862"}],"wp:attachment":[{"href":"https:\/\/biomarato.org\/catalunya\/wp-json\/wp\/v2\/media?parent=1151"}],"wp:term":[{"taxonomy":"category","embeddable":true,"href":"https:\/\/biomarato.org\/catalunya\/wp-json\/wp\/v2\/categories?post=1151"},{"taxonomy":"post_tag","embeddable":true,"href":"https:\/\/biomarato.org\/catalunya\/wp-json\/wp\/v2\/tags?post=1151"}],"curies":[{"name":"wp","href":"https:\/\/api.w.org\/{rel}","templated":true}]}}