{"id":484,"date":"2024-11-21T12:36:57","date_gmt":"2024-11-21T10:36:57","guid":{"rendered":"https:\/\/biomarato.org\/catalunya\/?p=484"},"modified":"2025-05-21T16:15:23","modified_gmt":"2025-05-21T14:15:23","slug":"detectats-per-primer-cop-a-la-costa-catalana-el-cuc-de-foc-i-el-peix-lloro-atlantic-dues-especies-tropicals-indicadores-del-canvi-climatic","status":"publish","type":"post","link":"https:\/\/biomarato.org\/catalunya\/detectats-per-primer-cop-a-la-costa-catalana-el-cuc-de-foc-i-el-peix-lloro-atlantic-dues-especies-tropicals-indicadores-del-canvi-climatic\/","title":{"rendered":"Detectats per primer cop a la costa catalana el cuc de foc i el peix lloro atl\u00e0ntic, dues esp\u00e8cies tropicals indicadores del canvi clim\u00e0tic"},"content":{"rendered":"<ul>\n<li><b>S\u00f3n les troballes destacades de la BioMARat\u00f3, un esdeveniment de ci\u00e8ncia ciutadana coordinat per l\u2019ICM-CSIC, que ha mobilitzat m\u00e9s de 480 persones volunt\u00e0ries per censar la biodiversitat de la costa catalana durant sis mesos.<\/b><\/li>\n<\/ul>\n<ul>\n<li><b>La iniciativa tamb\u00e9 ha registrat altres esp\u00e8cies indicadores de l\u2019escalfament del mar i l\u2019alteraci\u00f3 dels cicles biol\u00f2gics, com l\u2019ovulaci\u00f3 prematura de les gorg\u00f2nies o la floraci\u00f3 avan\u00e7ada de la posidonia.<\/b><\/li>\n<\/ul>\n<ul>\n<li><b>La quarta edici\u00f3 de la BioMARat\u00f3 ha assolit un r\u00e8cord de dades amb 1.731 esp\u00e8cies i 91.211 observacions registrades a la plataforma MINKA entre maig i octubre de 2024.<\/b><\/li>\n<\/ul>\n<p>\u201cAn\u00e0vem junts al mar com sempre, fent apnea, quan de cop vaig cridar al meu company: \u2018Mira, \u00e9s una\u00a0<i>vieja<\/i>\u00a0<i>can\u00e0ria!<\/i>\u2019\u201d \u2014recorda la Virginia, sorpresa\u2014 \u201cNo pot ser, vaig pensar, per\u00f2 alhora ho tenia clar. Ens vam mirar assumint que ens hav\u00edem equivocat, perqu\u00e8 \u00e9s un peix que es veu a les Can\u00e0ries i a Mallorca, no pas a Blanes, per\u00f2 despr\u00e9s de pujar la foto a MINKA,\u00a0<a href=\"https:\/\/minka-sdg.org\/observations\/376223\">la troballa estava confirmada<\/a>\u201d.<\/p>\n<p>No \u00e9s la primera vegada que aquesta parella aficionada a l\u2019apnea troba una esp\u00e8cie per primer cop a Catalunya; l\u2019any passat van trobar el cranc violinista. \u201cPer a nosaltres aix\u00f2 \u00e9s una satisfacci\u00f3 inexplicable\u201d, diu en Jose Manuel entusiasmat. Una altra esp\u00e8cie t\u00edpica de les Can\u00e0ries i que tamb\u00e9 s\u2019ha trobat per primera vegada a Catalunya aquest any gr\u00e0cies a la col\u00b7laboraci\u00f3 ciutadana \u00e9s el\u00a0<b>cuc de foc<\/b>\u00a0<a href=\"https:\/\/minka-sdg.org\/observations\/389431\">(<i>Hermodice carunculata<\/i>)<\/a>, un poliquet mar\u00ed que pot medir fins a 30 cm i que t\u00e9 cos recobert de \u201cquetes\u201d o p\u00e8ls urticants. El participant que el va trobar, conegut a MINKA com a \u201cbiosub\u201d, el va veure entre les pedres d\u2019unes esculleres mentre feia submarinisme al Parc Submar\u00ed del SES de Tarragona. \u201cJa sospitava que tard o d\u2019hora el trobaria aqu\u00ed\u201d, diu el bussejador experimentat.<\/p>\n<p><img loading=\"lazy\" decoding=\"async\" class=\"alignnone size-full wp-image-839\" src=\"https:\/\/biomarato.org\/wp-content\/uploads\/2024\/11\/FOTO_Vieja-canaria-1-Credit_-jastals-CC-BY-NC.jpg\" alt=\"\" width=\"2048\" height=\"1502\" \/><\/p>\n<p>S\u00f3n dos exemples d\u2019esp\u00e8cies d\u2019origen tropical i subtropical indicadores de l\u2019escalfament del mar, i que s\u2019han documentat per primera vegada a Catalunya gr\u00e0cies la\u00a0<a href=\"https:\/\/biomarato.com\/\">BioMARat\u00f3<\/a>, un esdeveniment de ci\u00e8ncia ciutadana que busca censar la biodiversitat marina i costanera catalana mitjan\u00e7ant una competici\u00f3 amistosa entre persones aficionades al mar de Girona, Barcelona i Tarragona.<\/p>\n<p>La iniciativa, coordinada per l\u2019Institut de Ci\u00e8ncies del Mar (ICM-CSIC), ha finalitzat la seva quarta edici\u00f3 amb 1.731 esp\u00e8cies i 91.211 observacions registrades a la plataforma de ci\u00e8ncia ciutadana MINKA entre maig i octubre de 2024, gr\u00e0cies a la participaci\u00f3 de 480 persones. Ha comptat amb la col\u00b7laboraci\u00f3 de les entitats Federaci\u00f3 Catalana d\u2019Activitats Subaqu\u00e0tiques (FECDAS), l\u2019Associaci\u00f3 Oce\u00e1nicos, Pl\u00e0ncton Diving i An\u00e8l\u00b7lides \u2013 Serveis Ambientals Marins, organitzant sortides de fotografia subaqu\u00e0tica d\u2019esn\u00f2rquel i submarinisme al llarg de la costa catalana.<\/p>\n<h2><b>Una nova alga invasora d\u2019origen asi\u00e0tic arriba a Catalunya<\/b><\/h2>\n<p>La mobilitzaci\u00f3 de persones aficionades a la fotografia subaqu\u00e0tica tamb\u00e9 ha perm\u00e8s identificar i documentar l\u2019<b>alga invasora asi\u00e0tica<\/b>\u00a0<i>Rugulopteryx okamurae<\/i>, detectada per primer cop a Catalunya al port de Llan\u00e7\u00e0 per un equip de Farmacologia de la Universitat de Barcelona (UB), despr\u00e9s a la Farella, fora de l\u2019\u00e0mbit portuari, i m\u00e9s tard,\u00a0<a href=\"https:\/\/minka-sdg.org\/observations\/361696\">notificada a MINKA<\/a>\u00a0quan un participant la va trobar al port de Colera.<\/p>\n<p>\u201cEncara desconeixem la seva distribuci\u00f3, per\u00f2 el fet d\u2019haver-la trobat en poc temps a tres llocs diferents de l\u2019Alt Empord\u00e0 pot indicar que el seu rang de distribuci\u00f3 podria ser m\u00e9s ampli. A l\u2019estret de Gibraltar i a Andalusia ja \u00e9s invasora, per\u00f2 de moment, a Catalunya, caldr\u00e0 fer-ne un seguiment per avaluar-ho\u201d, indica\u00a0<b>Xavier Salvador<\/b>, bi\u00f2leg de l\u2019ICM-CSIC i t\u00e8cnic de MINKA.<\/p>\n<p><img loading=\"lazy\" decoding=\"async\" class=\"alignnone size-full wp-image-842\" src=\"https:\/\/biomarato.org\/wp-content\/uploads\/2024\/11\/Alga-asiatica.jpg\" alt=\"\" width=\"2048\" height=\"1536\" \/><\/p>\n<h2><b>Esp\u00e8cies d\u2019origen tropical i cicles biol\u00f2gics alterats<\/b><\/h2>\n<p>L\u2019esdeveniment tamb\u00e9 ha perm\u00e8s recollir evid\u00e8ncies d\u2019esp\u00e8cies t\u00edpiques d\u2019aig\u00fces c\u00e0lides detectades a la costa catalana. La\u00a0<b>salpa brasilera<\/b>\u00a0(<i>Kyphosus saltatrix<\/i>),\u00a0<a href=\"https:\/\/minka-sdg.org\/observations\/349118\">registrada al Parc del SES de Tarragona<\/a>, n\u2019\u00e9s un clar testimoni. \u201cTot i que ja s\u2019havia observat anteriorment a Catalunya, se\u2019n t\u00e9 molt poques dades perqu\u00e8 \u00e9s dif\u00edcil de veure\u201d, destaca Salvador. Un altre cas similar \u00e9s el de l\u2019<b>estrella de mar porpre<\/b>\u00a0(<i>Ophidiaster ophidianus<\/i>), d\u2019origen subtropical i poc freq\u00fcent a Catalunya, que es va\u00a0<a href=\"https:\/\/minka-sdg.org\/observations\/355157\">observar a l\u2019Ametlla de Mar<\/a>. \u201cEst\u00e0 \u00e0mpliament distribu\u00efda des del sud peninsular fins a les Balears, per\u00f2 a Catalunya \u00e9s molt rara de veure\u201d, concreta Salvador.<\/p>\n<p>\u201cL\u2019avantatge de tenir centenars d\u2019ulls sota l\u2019aigua observant la fauna i la flora \u00e9s que podem capturar processos biol\u00f2gics importants d\u2019algunes esp\u00e8cies que evidencien els efectes del canvi clim\u00e0tic\u201d, destaca<b>\u00a0Jaume Piera<\/b>, investigador de l\u2019ICM-CSIC i coordinador de la BioMARat\u00f3. Per exemple, a Llafranc s\u2019ha vist que la\u00a0<b>gorg\u00f2nia vermella<\/b>\u00a0<a href=\"https:\/\/minka-sdg.org\/observations\/333773\">(<i>Paramuricea clavata<\/i>)<\/a>\u00a0est\u00e0 ovulant abans d\u2019hora i a l\u2019Ametlla de Mar s\u2019ha confirmat que la\u00a0<b><i>Posidonia oceanica<\/i><\/b>\u00a0comen\u00e7a a\u00a0<a href=\"https:\/\/minka-sdg.org\/observations\/377092\">florir gaireb\u00e9 dos mesos abans<\/a>\u00a0del que seria habitual. Una evid\u00e8ncia m\u00e9s dels efectes que pot provocar l\u2019escalfament de l\u2019aigua \u00e9s el blanquejament dels coralls, vist en un cas de la\u00a0<b>madr\u00e8pora mediterr\u00e0nia<\/b>\u00a0<a href=\"https:\/\/minka-sdg.org\/observations\/364052\">(<i>Cladocora caespitosa<\/i>)<\/a>\u00a0a Tossa de Mar, un fenomen que bloqueja la reproducci\u00f3 d\u2019aquests organismes fins al punt de provocar-ne la mort.<\/p>\n<p>El que no ha passat per alt \u00e9s que el 2024 ha estat l\u2019any de les mantes. Durant la BioMARat\u00f3 s\u2019han registrat a MINKA m\u00e9s de 15 observacions d\u2019<b>escur\u00e7ana violeta<\/b>\u00a0(<i>Pteroplatytrygon violacea<\/i>) a Catalunya,\u00a0<a href=\"https:\/\/minka-sdg.org\/observations\/326482\">inclosa la zona de Barcelona<\/a>. Aquesta esp\u00e8cie, que viu habitualment en alta mar, cada vegada s\u2019apropa m\u00e9s a la costa a causa de l\u2019escalfament del mar per buscar llocs tranquils per gestar. Tot i que no s\u00f3n perilloses, la seva pres\u00e8ncia ha provocat el tancament de diverses platges. Per contra, altres rajades els perjudica l\u2019aigua c\u00e0lida, com la\u00a0<b>rajada mosaic\u00a0<\/b><a href=\"https:\/\/minka-sdg.org\/observations\/370449\">(<i>Raja undulata<\/i>)<\/a>, que ha passat de ser una esp\u00e8cie habitual a Catalunya a ser cada cop menys vista.<\/p>\n<h2><b>La ci\u00e8ncia ciutadana ajuda a documentar rareses<\/b><\/h2>\n<p>Altres fen\u00f2mens poc freq\u00fcents o curiosos que s\u2019han observat gr\u00e0cies a la participaci\u00f3 ciutadana s\u00f3n, per exemple, la floraci\u00f3 de la\u00a0<b>corretjola o gram<\/b>\u00a0(<a href=\"https:\/\/minka-sdg.org\/observations\/279038\"><i>Cymodocea nodosa<\/i><\/a>) a l\u2019Ametlla de Mar, un fet estrany i molt dif\u00edcil de veure. Tamb\u00e9 s\u2019han vist exemplars de\u00a0<b>fals percebe ratllat\u00a0<\/b><a href=\"https:\/\/minka-sdg.org\/observations\/304010\">(<i>Conchoderma virgatum<\/i>)<\/a>, una esp\u00e8cie poc freq\u00fcent, a sobre d\u2019objectes flotants a la Costa Brava.<\/p>\n<p>Un participant de la BioMARat\u00f3 tamb\u00e9 ha documentat una\u00a0<b>ascidia blanca<\/b>\u00a0<a href=\"https:\/\/minka-sdg.org\/observations\/274223\">(<i>Rhopalaea neapolitana<\/i>)<\/a>, una esp\u00e8cie que normalment est\u00e0 a molta profunditat. I per \u00faltim, s\u2019ha registrat la troballa d\u2019una captura accidental d\u2019un exemplar juvenil de\u00a0<b>taur\u00f3 pelegr\u00ed<\/b>\u00a0<a href=\"https:\/\/minka-sdg.org\/observations\/378055\">(<i>Cetorhinus maximus<\/i>)<\/a>\u00a0a l\u2018Ametlla de Mar, una esp\u00e8cie d\u2019inter\u00e8s per estudiar els seus patrons migratoris i el reclutament de juvenils.<\/p>\n<h2><b>Una celebraci\u00f3 per posar punt final a la BioMARat\u00f3 2024<\/b><\/h2>\n<p>El proper 9 de novembre tindr\u00e0 lloc la Festa del Voluntariat al Centre d\u2019Interpretaci\u00f3 de la Pesca (CIP) de l\u2019Ametlla de Mar, un acte on s\u2019aplegaran l\u2019equip cient\u00edfic de l\u2019ICM-CSIC, les entitats col\u00b7laboradores i participants d\u2019arreu de Catalunya. Amb les quatre edicions de la BioMARat\u00f3 ja s\u2019han recopilat m\u00e9s de 2.300 esp\u00e8cies diferents al llarg del litoral catal\u00e0 registrades a\u00a0<a href=\"https:\/\/minka-sdg.org\/home\">MINKA<\/a>. Aquest, \u00e9s l\u2019observatori participatiu amb m\u00e9s densitat de dades verificades de biodiversitat litoral i marina a Espanya, i la m\u00e9s completa del Mediterrani. Actualment, compta amb m\u00e9s de 250.000 observacions marines verificades a la costa catalana i s\u00f3n dades en acc\u00e9s obert a disposici\u00f3 de la comunitat cientifica.\u00a0La BioMARat\u00f3 compta amb el finan\u00e7ament dels projectes europeus MINKE, ANERIS, ECS i GUARDEN.<\/p>\n","protected":false},"excerpt":{"rendered":"<p>S\u00f3n les troballes destacades de la BioMARat\u00f3, un esdeveniment de ci\u00e8ncia ciutadana coordinat per l\u2019ICM-CSIC, que ha mobilitzat m\u00e9s de 480 persones volunt\u00e0ries per censar la biodiversitat de la costa [&hellip;]<\/p>\n","protected":false},"author":3,"featured_media":501,"comment_status":"open","ping_status":"open","sticky":false,"template":"","format":"standard","meta":{"_acf_changed":false,"_et_pb_use_builder":"","_et_pb_old_content":"","_et_gb_content_width":"","footnotes":""},"categories":[11],"tags":[],"class_list":["post-484","post","type-post","status-publish","format-standard","has-post-thumbnail","hentry","category-uncategorized-ca"],"acf":[],"yoast_head":"<!-- This site is optimized with the Yoast SEO plugin v27.5 - https:\/\/yoast.com\/product\/yoast-seo-wordpress\/ -->\n<title>Detectats per primer cop a la costa catalana el cuc de foc i el peix lloro atl\u00e0ntic, dues esp\u00e8cies tropicals indicadores del canvi clim\u00e0tic - La BioMARat\u00f3 a Catalunya<\/title>\n<meta name=\"robots\" content=\"index, follow, max-snippet:-1, max-image-preview:large, max-video-preview:-1\" \/>\n<link rel=\"canonical\" href=\"https:\/\/biomarato.org\/catalunya\/detectats-per-primer-cop-a-la-costa-catalana-el-cuc-de-foc-i-el-peix-lloro-atlantic-dues-especies-tropicals-indicadores-del-canvi-climatic\/\" \/>\n<meta property=\"og:locale\" content=\"ca_ES\" \/>\n<meta property=\"og:type\" content=\"article\" \/>\n<meta property=\"og:title\" content=\"Detectats per primer cop a la costa catalana el cuc de foc i el peix lloro atl\u00e0ntic, dues esp\u00e8cies tropicals indicadores del canvi clim\u00e0tic - La BioMARat\u00f3 a Catalunya\" \/>\n<meta property=\"og:description\" content=\"S\u00f3n les troballes destacades de la BioMARat\u00f3, un esdeveniment de ci\u00e8ncia ciutadana coordinat per l\u2019ICM-CSIC, que ha mobilitzat m\u00e9s de 480 persones volunt\u00e0ries per censar la biodiversitat de la costa [&hellip;]\" \/>\n<meta property=\"og:url\" content=\"https:\/\/biomarato.org\/catalunya\/detectats-per-primer-cop-a-la-costa-catalana-el-cuc-de-foc-i-el-peix-lloro-atlantic-dues-especies-tropicals-indicadores-del-canvi-climatic\/\" \/>\n<meta property=\"og:site_name\" content=\"La BioMARat\u00f3 a Catalunya\" \/>\n<meta property=\"article:published_time\" content=\"2024-11-21T10:36:57+00:00\" \/>\n<meta property=\"article:modified_time\" content=\"2025-05-21T14:15:23+00:00\" \/>\n<meta property=\"og:image\" content=\"https:\/\/biomarato.org\/catalunya\/wp-content\/uploads\/sites\/3\/2024\/11\/FOTO_Cuc-de-foc-Hermodice-carunculata.-Credit_-Gregorio-Marco-CC-BY-NC-1536x1021-1.jpg\" \/>\n\t<meta property=\"og:image:width\" content=\"1536\" \/>\n\t<meta property=\"og:image:height\" content=\"1021\" \/>\n\t<meta property=\"og:image:type\" content=\"image\/jpeg\" \/>\n<meta name=\"author\" content=\"Marina Torres Gibert\" \/>\n<meta name=\"twitter:card\" content=\"summary_large_image\" \/>\n<meta name=\"twitter:label1\" content=\"Escrit per\" \/>\n\t<meta name=\"twitter:data1\" content=\"Marina Torres Gibert\" \/>\n\t<meta name=\"twitter:label2\" content=\"Temps estimat de lectura\" \/>\n\t<meta name=\"twitter:data2\" content=\"7 minuts\" \/>\n<script type=\"application\/ld+json\" class=\"yoast-schema-graph\">{\"@context\":\"https:\\\/\\\/schema.org\",\"@graph\":[{\"@type\":\"Article\",\"@id\":\"https:\\\/\\\/biomarato.org\\\/catalunya\\\/detectats-per-primer-cop-a-la-costa-catalana-el-cuc-de-foc-i-el-peix-lloro-atlantic-dues-especies-tropicals-indicadores-del-canvi-climatic\\\/#article\",\"isPartOf\":{\"@id\":\"https:\\\/\\\/biomarato.org\\\/catalunya\\\/detectats-per-primer-cop-a-la-costa-catalana-el-cuc-de-foc-i-el-peix-lloro-atlantic-dues-especies-tropicals-indicadores-del-canvi-climatic\\\/\"},\"author\":{\"name\":\"Marina Torres Gibert\",\"@id\":\"https:\\\/\\\/biomarato.org\\\/catalunya\\\/#\\\/schema\\\/person\\\/c6cfad1f30439c7011c58c5ba58fd199\"},\"headline\":\"Detectats per primer cop a la costa catalana el cuc de foc i el peix lloro atl\u00e0ntic, dues esp\u00e8cies tropicals indicadores del canvi clim\u00e0tic\",\"datePublished\":\"2024-11-21T10:36:57+00:00\",\"dateModified\":\"2025-05-21T14:15:23+00:00\",\"mainEntityOfPage\":{\"@id\":\"https:\\\/\\\/biomarato.org\\\/catalunya\\\/detectats-per-primer-cop-a-la-costa-catalana-el-cuc-de-foc-i-el-peix-lloro-atlantic-dues-especies-tropicals-indicadores-del-canvi-climatic\\\/\"},\"wordCount\":1345,\"commentCount\":0,\"image\":{\"@id\":\"https:\\\/\\\/biomarato.org\\\/catalunya\\\/detectats-per-primer-cop-a-la-costa-catalana-el-cuc-de-foc-i-el-peix-lloro-atlantic-dues-especies-tropicals-indicadores-del-canvi-climatic\\\/#primaryimage\"},\"thumbnailUrl\":\"https:\\\/\\\/biomarato.org\\\/catalunya\\\/wp-content\\\/uploads\\\/sites\\\/3\\\/2024\\\/11\\\/FOTO_Cuc-de-foc-Hermodice-carunculata.-Credit_-Gregorio-Marco-CC-BY-NC-1536x1021-1.jpg\",\"articleSection\":[\"Uncategorized @ca\"],\"inLanguage\":\"ca\",\"potentialAction\":[{\"@type\":\"CommentAction\",\"name\":\"Comment\",\"target\":[\"https:\\\/\\\/biomarato.org\\\/catalunya\\\/detectats-per-primer-cop-a-la-costa-catalana-el-cuc-de-foc-i-el-peix-lloro-atlantic-dues-especies-tropicals-indicadores-del-canvi-climatic\\\/#respond\"]}]},{\"@type\":\"WebPage\",\"@id\":\"https:\\\/\\\/biomarato.org\\\/catalunya\\\/detectats-per-primer-cop-a-la-costa-catalana-el-cuc-de-foc-i-el-peix-lloro-atlantic-dues-especies-tropicals-indicadores-del-canvi-climatic\\\/\",\"url\":\"https:\\\/\\\/biomarato.org\\\/catalunya\\\/detectats-per-primer-cop-a-la-costa-catalana-el-cuc-de-foc-i-el-peix-lloro-atlantic-dues-especies-tropicals-indicadores-del-canvi-climatic\\\/\",\"name\":\"Detectats per primer cop a la costa catalana el cuc de foc i el peix lloro atl\u00e0ntic, dues esp\u00e8cies tropicals indicadores del canvi clim\u00e0tic - La BioMARat\u00f3 a Catalunya\",\"isPartOf\":{\"@id\":\"https:\\\/\\\/biomarato.org\\\/catalunya\\\/#website\"},\"primaryImageOfPage\":{\"@id\":\"https:\\\/\\\/biomarato.org\\\/catalunya\\\/detectats-per-primer-cop-a-la-costa-catalana-el-cuc-de-foc-i-el-peix-lloro-atlantic-dues-especies-tropicals-indicadores-del-canvi-climatic\\\/#primaryimage\"},\"image\":{\"@id\":\"https:\\\/\\\/biomarato.org\\\/catalunya\\\/detectats-per-primer-cop-a-la-costa-catalana-el-cuc-de-foc-i-el-peix-lloro-atlantic-dues-especies-tropicals-indicadores-del-canvi-climatic\\\/#primaryimage\"},\"thumbnailUrl\":\"https:\\\/\\\/biomarato.org\\\/catalunya\\\/wp-content\\\/uploads\\\/sites\\\/3\\\/2024\\\/11\\\/FOTO_Cuc-de-foc-Hermodice-carunculata.-Credit_-Gregorio-Marco-CC-BY-NC-1536x1021-1.jpg\",\"datePublished\":\"2024-11-21T10:36:57+00:00\",\"dateModified\":\"2025-05-21T14:15:23+00:00\",\"author\":{\"@id\":\"https:\\\/\\\/biomarato.org\\\/catalunya\\\/#\\\/schema\\\/person\\\/c6cfad1f30439c7011c58c5ba58fd199\"},\"breadcrumb\":{\"@id\":\"https:\\\/\\\/biomarato.org\\\/catalunya\\\/detectats-per-primer-cop-a-la-costa-catalana-el-cuc-de-foc-i-el-peix-lloro-atlantic-dues-especies-tropicals-indicadores-del-canvi-climatic\\\/#breadcrumb\"},\"inLanguage\":\"ca\",\"potentialAction\":[{\"@type\":\"ReadAction\",\"target\":[\"https:\\\/\\\/biomarato.org\\\/catalunya\\\/detectats-per-primer-cop-a-la-costa-catalana-el-cuc-de-foc-i-el-peix-lloro-atlantic-dues-especies-tropicals-indicadores-del-canvi-climatic\\\/\"]}]},{\"@type\":\"ImageObject\",\"inLanguage\":\"ca\",\"@id\":\"https:\\\/\\\/biomarato.org\\\/catalunya\\\/detectats-per-primer-cop-a-la-costa-catalana-el-cuc-de-foc-i-el-peix-lloro-atlantic-dues-especies-tropicals-indicadores-del-canvi-climatic\\\/#primaryimage\",\"url\":\"https:\\\/\\\/biomarato.org\\\/catalunya\\\/wp-content\\\/uploads\\\/sites\\\/3\\\/2024\\\/11\\\/FOTO_Cuc-de-foc-Hermodice-carunculata.-Credit_-Gregorio-Marco-CC-BY-NC-1536x1021-1.jpg\",\"contentUrl\":\"https:\\\/\\\/biomarato.org\\\/catalunya\\\/wp-content\\\/uploads\\\/sites\\\/3\\\/2024\\\/11\\\/FOTO_Cuc-de-foc-Hermodice-carunculata.-Credit_-Gregorio-Marco-CC-BY-NC-1536x1021-1.jpg\",\"width\":1536,\"height\":1021},{\"@type\":\"BreadcrumbList\",\"@id\":\"https:\\\/\\\/biomarato.org\\\/catalunya\\\/detectats-per-primer-cop-a-la-costa-catalana-el-cuc-de-foc-i-el-peix-lloro-atlantic-dues-especies-tropicals-indicadores-del-canvi-climatic\\\/#breadcrumb\",\"itemListElement\":[{\"@type\":\"ListItem\",\"position\":1,\"name\":\"Inici\",\"item\":\"https:\\\/\\\/biomarato.org\\\/catalunya\\\/\"},{\"@type\":\"ListItem\",\"position\":2,\"name\":\"Detectats per primer cop a la costa catalana el cuc de foc i el peix lloro atl\u00e0ntic, dues esp\u00e8cies tropicals indicadores del canvi clim\u00e0tic\"}]},{\"@type\":\"WebSite\",\"@id\":\"https:\\\/\\\/biomarato.org\\\/catalunya\\\/#website\",\"url\":\"https:\\\/\\\/biomarato.org\\\/catalunya\\\/\",\"name\":\"La BioMARat\u00f3 a Catalunya\",\"description\":\"Una iniciativa per descobrir la biodiversitat marina amb la ci\u00e8ncia ciutadana\",\"potentialAction\":[{\"@type\":\"SearchAction\",\"target\":{\"@type\":\"EntryPoint\",\"urlTemplate\":\"https:\\\/\\\/biomarato.org\\\/catalunya\\\/?s={search_term_string}\"},\"query-input\":{\"@type\":\"PropertyValueSpecification\",\"valueRequired\":true,\"valueName\":\"search_term_string\"}}],\"inLanguage\":\"ca\"},{\"@type\":\"Person\",\"@id\":\"https:\\\/\\\/biomarato.org\\\/catalunya\\\/#\\\/schema\\\/person\\\/c6cfad1f30439c7011c58c5ba58fd199\",\"name\":\"Marina Torres Gibert\",\"image\":{\"@type\":\"ImageObject\",\"inLanguage\":\"ca\",\"@id\":\"https:\\\/\\\/biomarato.org\\\/wp-content\\\/uploads\\\/2025\\\/05\\\/MarinaTorres_800.jpg\",\"url\":\"https:\\\/\\\/biomarato.org\\\/wp-content\\\/uploads\\\/2025\\\/05\\\/MarinaTorres_800.jpg\",\"contentUrl\":\"https:\\\/\\\/biomarato.org\\\/wp-content\\\/uploads\\\/2025\\\/05\\\/MarinaTorres_800.jpg\",\"caption\":\"Marina Torres Gibert\"},\"description\":\"T\u00e8cnica de comunicaci\u00f3 cient\u00edfica.\"}]}<\/script>\n<!-- \/ Yoast SEO plugin. -->","yoast_head_json":{"title":"Detectats per primer cop a la costa catalana el cuc de foc i el peix lloro atl\u00e0ntic, dues esp\u00e8cies tropicals indicadores del canvi clim\u00e0tic - La BioMARat\u00f3 a Catalunya","robots":{"index":"index","follow":"follow","max-snippet":"max-snippet:-1","max-image-preview":"max-image-preview:large","max-video-preview":"max-video-preview:-1"},"canonical":"https:\/\/biomarato.org\/catalunya\/detectats-per-primer-cop-a-la-costa-catalana-el-cuc-de-foc-i-el-peix-lloro-atlantic-dues-especies-tropicals-indicadores-del-canvi-climatic\/","og_locale":"ca_ES","og_type":"article","og_title":"Detectats per primer cop a la costa catalana el cuc de foc i el peix lloro atl\u00e0ntic, dues esp\u00e8cies tropicals indicadores del canvi clim\u00e0tic - La BioMARat\u00f3 a Catalunya","og_description":"S\u00f3n les troballes destacades de la BioMARat\u00f3, un esdeveniment de ci\u00e8ncia ciutadana coordinat per l\u2019ICM-CSIC, que ha mobilitzat m\u00e9s de 480 persones volunt\u00e0ries per censar la biodiversitat de la costa [&hellip;]","og_url":"https:\/\/biomarato.org\/catalunya\/detectats-per-primer-cop-a-la-costa-catalana-el-cuc-de-foc-i-el-peix-lloro-atlantic-dues-especies-tropicals-indicadores-del-canvi-climatic\/","og_site_name":"La BioMARat\u00f3 a Catalunya","article_published_time":"2024-11-21T10:36:57+00:00","article_modified_time":"2025-05-21T14:15:23+00:00","og_image":[{"width":1536,"height":1021,"url":"https:\/\/biomarato.org\/catalunya\/wp-content\/uploads\/sites\/3\/2024\/11\/FOTO_Cuc-de-foc-Hermodice-carunculata.-Credit_-Gregorio-Marco-CC-BY-NC-1536x1021-1.jpg","type":"image\/jpeg"}],"author":"Marina Torres Gibert","twitter_card":"summary_large_image","twitter_misc":{"Escrit per":"Marina Torres Gibert","Temps estimat de lectura":"7 minuts"},"schema":{"@context":"https:\/\/schema.org","@graph":[{"@type":"Article","@id":"https:\/\/biomarato.org\/catalunya\/detectats-per-primer-cop-a-la-costa-catalana-el-cuc-de-foc-i-el-peix-lloro-atlantic-dues-especies-tropicals-indicadores-del-canvi-climatic\/#article","isPartOf":{"@id":"https:\/\/biomarato.org\/catalunya\/detectats-per-primer-cop-a-la-costa-catalana-el-cuc-de-foc-i-el-peix-lloro-atlantic-dues-especies-tropicals-indicadores-del-canvi-climatic\/"},"author":{"name":"Marina Torres Gibert","@id":"https:\/\/biomarato.org\/catalunya\/#\/schema\/person\/c6cfad1f30439c7011c58c5ba58fd199"},"headline":"Detectats per primer cop a la costa catalana el cuc de foc i el peix lloro atl\u00e0ntic, dues esp\u00e8cies tropicals indicadores del canvi clim\u00e0tic","datePublished":"2024-11-21T10:36:57+00:00","dateModified":"2025-05-21T14:15:23+00:00","mainEntityOfPage":{"@id":"https:\/\/biomarato.org\/catalunya\/detectats-per-primer-cop-a-la-costa-catalana-el-cuc-de-foc-i-el-peix-lloro-atlantic-dues-especies-tropicals-indicadores-del-canvi-climatic\/"},"wordCount":1345,"commentCount":0,"image":{"@id":"https:\/\/biomarato.org\/catalunya\/detectats-per-primer-cop-a-la-costa-catalana-el-cuc-de-foc-i-el-peix-lloro-atlantic-dues-especies-tropicals-indicadores-del-canvi-climatic\/#primaryimage"},"thumbnailUrl":"https:\/\/biomarato.org\/catalunya\/wp-content\/uploads\/sites\/3\/2024\/11\/FOTO_Cuc-de-foc-Hermodice-carunculata.-Credit_-Gregorio-Marco-CC-BY-NC-1536x1021-1.jpg","articleSection":["Uncategorized @ca"],"inLanguage":"ca","potentialAction":[{"@type":"CommentAction","name":"Comment","target":["https:\/\/biomarato.org\/catalunya\/detectats-per-primer-cop-a-la-costa-catalana-el-cuc-de-foc-i-el-peix-lloro-atlantic-dues-especies-tropicals-indicadores-del-canvi-climatic\/#respond"]}]},{"@type":"WebPage","@id":"https:\/\/biomarato.org\/catalunya\/detectats-per-primer-cop-a-la-costa-catalana-el-cuc-de-foc-i-el-peix-lloro-atlantic-dues-especies-tropicals-indicadores-del-canvi-climatic\/","url":"https:\/\/biomarato.org\/catalunya\/detectats-per-primer-cop-a-la-costa-catalana-el-cuc-de-foc-i-el-peix-lloro-atlantic-dues-especies-tropicals-indicadores-del-canvi-climatic\/","name":"Detectats per primer cop a la costa catalana el cuc de foc i el peix lloro atl\u00e0ntic, dues esp\u00e8cies tropicals indicadores del canvi clim\u00e0tic - La BioMARat\u00f3 a Catalunya","isPartOf":{"@id":"https:\/\/biomarato.org\/catalunya\/#website"},"primaryImageOfPage":{"@id":"https:\/\/biomarato.org\/catalunya\/detectats-per-primer-cop-a-la-costa-catalana-el-cuc-de-foc-i-el-peix-lloro-atlantic-dues-especies-tropicals-indicadores-del-canvi-climatic\/#primaryimage"},"image":{"@id":"https:\/\/biomarato.org\/catalunya\/detectats-per-primer-cop-a-la-costa-catalana-el-cuc-de-foc-i-el-peix-lloro-atlantic-dues-especies-tropicals-indicadores-del-canvi-climatic\/#primaryimage"},"thumbnailUrl":"https:\/\/biomarato.org\/catalunya\/wp-content\/uploads\/sites\/3\/2024\/11\/FOTO_Cuc-de-foc-Hermodice-carunculata.-Credit_-Gregorio-Marco-CC-BY-NC-1536x1021-1.jpg","datePublished":"2024-11-21T10:36:57+00:00","dateModified":"2025-05-21T14:15:23+00:00","author":{"@id":"https:\/\/biomarato.org\/catalunya\/#\/schema\/person\/c6cfad1f30439c7011c58c5ba58fd199"},"breadcrumb":{"@id":"https:\/\/biomarato.org\/catalunya\/detectats-per-primer-cop-a-la-costa-catalana-el-cuc-de-foc-i-el-peix-lloro-atlantic-dues-especies-tropicals-indicadores-del-canvi-climatic\/#breadcrumb"},"inLanguage":"ca","potentialAction":[{"@type":"ReadAction","target":["https:\/\/biomarato.org\/catalunya\/detectats-per-primer-cop-a-la-costa-catalana-el-cuc-de-foc-i-el-peix-lloro-atlantic-dues-especies-tropicals-indicadores-del-canvi-climatic\/"]}]},{"@type":"ImageObject","inLanguage":"ca","@id":"https:\/\/biomarato.org\/catalunya\/detectats-per-primer-cop-a-la-costa-catalana-el-cuc-de-foc-i-el-peix-lloro-atlantic-dues-especies-tropicals-indicadores-del-canvi-climatic\/#primaryimage","url":"https:\/\/biomarato.org\/catalunya\/wp-content\/uploads\/sites\/3\/2024\/11\/FOTO_Cuc-de-foc-Hermodice-carunculata.-Credit_-Gregorio-Marco-CC-BY-NC-1536x1021-1.jpg","contentUrl":"https:\/\/biomarato.org\/catalunya\/wp-content\/uploads\/sites\/3\/2024\/11\/FOTO_Cuc-de-foc-Hermodice-carunculata.-Credit_-Gregorio-Marco-CC-BY-NC-1536x1021-1.jpg","width":1536,"height":1021},{"@type":"BreadcrumbList","@id":"https:\/\/biomarato.org\/catalunya\/detectats-per-primer-cop-a-la-costa-catalana-el-cuc-de-foc-i-el-peix-lloro-atlantic-dues-especies-tropicals-indicadores-del-canvi-climatic\/#breadcrumb","itemListElement":[{"@type":"ListItem","position":1,"name":"Inici","item":"https:\/\/biomarato.org\/catalunya\/"},{"@type":"ListItem","position":2,"name":"Detectats per primer cop a la costa catalana el cuc de foc i el peix lloro atl\u00e0ntic, dues esp\u00e8cies tropicals indicadores del canvi clim\u00e0tic"}]},{"@type":"WebSite","@id":"https:\/\/biomarato.org\/catalunya\/#website","url":"https:\/\/biomarato.org\/catalunya\/","name":"La BioMARat\u00f3 a Catalunya","description":"Una iniciativa per descobrir la biodiversitat marina amb la ci\u00e8ncia ciutadana","potentialAction":[{"@type":"SearchAction","target":{"@type":"EntryPoint","urlTemplate":"https:\/\/biomarato.org\/catalunya\/?s={search_term_string}"},"query-input":{"@type":"PropertyValueSpecification","valueRequired":true,"valueName":"search_term_string"}}],"inLanguage":"ca"},{"@type":"Person","@id":"https:\/\/biomarato.org\/catalunya\/#\/schema\/person\/c6cfad1f30439c7011c58c5ba58fd199","name":"Marina Torres Gibert","image":{"@type":"ImageObject","inLanguage":"ca","@id":"https:\/\/biomarato.org\/wp-content\/uploads\/2025\/05\/MarinaTorres_800.jpg","url":"https:\/\/biomarato.org\/wp-content\/uploads\/2025\/05\/MarinaTorres_800.jpg","contentUrl":"https:\/\/biomarato.org\/wp-content\/uploads\/2025\/05\/MarinaTorres_800.jpg","caption":"Marina Torres Gibert"},"description":"T\u00e8cnica de comunicaci\u00f3 cient\u00edfica."}]}},"_links":{"self":[{"href":"https:\/\/biomarato.org\/catalunya\/wp-json\/wp\/v2\/posts\/484","targetHints":{"allow":["GET"]}}],"collection":[{"href":"https:\/\/biomarato.org\/catalunya\/wp-json\/wp\/v2\/posts"}],"about":[{"href":"https:\/\/biomarato.org\/catalunya\/wp-json\/wp\/v2\/types\/post"}],"author":[{"embeddable":true,"href":"https:\/\/biomarato.org\/catalunya\/wp-json\/wp\/v2\/users\/3"}],"replies":[{"embeddable":true,"href":"https:\/\/biomarato.org\/catalunya\/wp-json\/wp\/v2\/comments?post=484"}],"version-history":[{"count":6,"href":"https:\/\/biomarato.org\/catalunya\/wp-json\/wp\/v2\/posts\/484\/revisions"}],"predecessor-version":[{"id":1173,"href":"https:\/\/biomarato.org\/catalunya\/wp-json\/wp\/v2\/posts\/484\/revisions\/1173"}],"wp:featuredmedia":[{"embeddable":true,"href":"https:\/\/biomarato.org\/catalunya\/wp-json\/wp\/v2\/media\/501"}],"wp:attachment":[{"href":"https:\/\/biomarato.org\/catalunya\/wp-json\/wp\/v2\/media?parent=484"}],"wp:term":[{"taxonomy":"category","embeddable":true,"href":"https:\/\/biomarato.org\/catalunya\/wp-json\/wp\/v2\/categories?post=484"},{"taxonomy":"post_tag","embeddable":true,"href":"https:\/\/biomarato.org\/catalunya\/wp-json\/wp\/v2\/tags?post=484"}],"curies":[{"name":"wp","href":"https:\/\/api.w.org\/{rel}","templated":true}]}}